{"id":7164,"date":"2024-11-08T22:39:11","date_gmt":"2024-11-08T21:39:11","guid":{"rendered":"https:\/\/dengodehyrde.katolsk.no\/?p=7164"},"modified":"2024-11-11T22:43:39","modified_gmt":"2024-11-11T21:43:39","slug":"kurs-niva-1-3-6-ar-del-1-og-del-2-november-2024-januar-2025-og-februar-2025","status":"publish","type":"post","link":"https:\/\/dengodehyrde.katolsk.no\/index.php\/2024\/11\/08\/kurs-niva-1-3-6-ar-del-1-og-del-2-november-2024-januar-2025-og-februar-2025\/","title":{"rendered":"Kurs niv\u00e5 1 (3-6 \u00e5r), del 1 og del 2 (november 2024, januar 2025 og februar 2025)"},"content":{"rendered":"\n<p>Det arrangeres nytt grunnkurs og begynneroppl\u00e6ring i &laquo;Den Gode Hyrde&raquo;-katekesen i Bergen. Det er en fordel om du kan v\u00e6re med p\u00e5 begge delene av kurset.<\/p>\n\n\n\n<p>P\u00e5melding til kursleder innen 11.nov: <a href=\"mailto:reidun.jofrid.kleppestrand@katolsk.no\">reidun.jofrid.kleppestrand@katolsk.no<\/a><\/p>\n\n\n\n<p>De som melder seg p\u00e5, vil f\u00e5 detaljert informasjon om kursinnholdet.<\/p>\n\n\n\n<div class=\"wp-block-file\"><a id=\"wp-block-file--media-1a833794-a197-4b45-87e9-2a09c82f547d\" href=\"https:\/\/dengodehyrde.katolsk.no\/wp-content\/uploads\/2024\/11\/kursbrosjyre-2024-2025.pdf\" target=\"_blank\" rel=\"noreferrer noopener\">Last ned brosjyre<\/a><a href=\"https:\/\/dengodehyrde.katolsk.no\/wp-content\/uploads\/2024\/11\/kursbrosjyre-2024-2025.pdf\" class=\"wp-block-file__button wp-element-button\" download aria-describedby=\"wp-block-file--media-1a833794-a197-4b45-87e9-2a09c82f547d\">Last ned<\/a><\/div>\n\n\n\n<div style=\"height:20px\" aria-hidden=\"true\" class=\"wp-block-spacer\"><\/div>\n\n\n\n<div class=\"wp-block-group has-light-gray-background-color has-background is-vertical is-content-justification-stretch is-layout-flex wp-container-core-group-is-layout-b16ad781 wp-block-group-is-layout-flex\">\n<p><strong>M\u00e5lgruppe:<\/strong> Personer som kan tenke seg \u00e5 hjelpe til med &laquo;Den Gode Hyrde&raquo;-katekese i menigheten.<\/p>\n\n\n\n<p><strong>Sted<\/strong>: St Paul menighet: Marias Minde, Nylandsveien 31 og atriet i Nylandsvein 26<\/p>\n\n\n\n<p><strong>Pris<\/strong>: Gratis<\/p>\n<\/div>\n\n\n\n<div style=\"height:20px\" aria-hidden=\"true\" class=\"wp-block-spacer\"><\/div>\n\n\n\n<div class=\"wp-block-group is-vertical is-content-justification-stretch is-layout-flex wp-container-core-group-is-layout-b16ad781 wp-block-group-is-layout-flex\">\n<h2 class=\"wp-block-heading has-white-color has-blue-background-color has-text-color has-background has-link-color wp-elements-2f9e5eef412c5b719698d5406a14131c\">Niv\u00e5 1 &#8211; Del 1<\/h2>\n\n\n\n<h2 class=\"wp-block-heading\">Datoer<\/h2>\n\n\n\n<p>15.-17. november 2024 og 17.-19. januar 2025<\/p>\n\n\n\n<h2 class=\"wp-block-heading\">Dagsprogram<\/h2>\n\n\n\n<ul class=\"wp-block-list\">\n<li>Fredag: kl. 16.00 &#8211; 21.00<\/li>\n\n\n\n<li>L\u00f8rdag og s\u00f8ndag: kl. 09.00 &#8211; 17.00<\/li>\n<\/ul>\n<\/div>\n\n\n\n<p><\/p>\n\n\n\n<div class=\"wp-block-group is-vertical is-content-justification-stretch is-layout-flex wp-container-core-group-is-layout-b16ad781 wp-block-group-is-layout-flex\">\n<h2 class=\"wp-block-heading has-white-color has-blue-background-color has-text-color has-background has-link-color wp-elements-000485813ae121db5372a939c6473212\">Niv\u00e5 1 &#8211; Del 2<\/h2>\n\n\n\n<h2 class=\"wp-block-heading\">Dato<\/h2>\n\n\n\n<p>21.-26 februar 2025 (vinterferie)<\/p>\n\n\n\n<h2 class=\"wp-block-heading\">Dagsprogram<\/h2>\n\n\n\n<ul class=\"wp-block-list\">\n<li>Fredag 21.02: kl.16.00 &#8211; 21.00<\/li>\n\n\n\n<li>L\u00f8rdag 22.02 til onsdag 26.02: kl. 09.00 &#8211; 17.00<\/li>\n<\/ul>\n<\/div>\n\n\n\n<p><\/p>\n\n\n\n<p><\/p>\n","protected":false},"excerpt":{"rendered":"<p>Det arrangeres nytt grunnkurs og begynneroppl\u00e6ring i &laquo;Den Gode Hyrde&raquo;-katekesen i Bergen. Det er en fordel om du kan v\u00e6re med p\u00e5 begge delene av kurset. P\u00e5melding til kursleder innen 11.nov: reidun.jofrid.kleppestrand@katolsk.no De som melder seg p\u00e5, vil f\u00e5 detaljert &hellip; <a href=\"https:\/\/dengodehyrde.katolsk.no\/index.php\/2024\/11\/08\/kurs-niva-1-3-6-ar-del-1-og-del-2-november-2024-januar-2025-og-februar-2025\/\">Les videre <span class=\"meta-nav\">&rarr;<\/span><\/a><\/p>\n","protected":false},"author":4,"featured_media":0,"comment_status":"closed","ping_status":"closed","sticky":false,"template":"","format":"standard","meta":{"footnotes":""},"categories":[4],"tags":[5,6],"class_list":["post-7164","post","type-post","status-publish","format-standard","hentry","category-kurs","tag-kurs","tag-niva-1"],"_links":{"self":[{"href":"https:\/\/dengodehyrde.katolsk.no\/index.php\/wp-json\/wp\/v2\/posts\/7164","targetHints":{"allow":["GET"]}}],"collection":[{"href":"https:\/\/dengodehyrde.katolsk.no\/index.php\/wp-json\/wp\/v2\/posts"}],"about":[{"href":"https:\/\/dengodehyrde.katolsk.no\/index.php\/wp-json\/wp\/v2\/types\/post"}],"author":[{"embeddable":true,"href":"https:\/\/dengodehyrde.katolsk.no\/index.php\/wp-json\/wp\/v2\/users\/4"}],"replies":[{"embeddable":true,"href":"https:\/\/dengodehyrde.katolsk.no\/index.php\/wp-json\/wp\/v2\/comments?post=7164"}],"version-history":[{"count":4,"href":"https:\/\/dengodehyrde.katolsk.no\/index.php\/wp-json\/wp\/v2\/posts\/7164\/revisions"}],"predecessor-version":[{"id":7169,"href":"https:\/\/dengodehyrde.katolsk.no\/index.php\/wp-json\/wp\/v2\/posts\/7164\/revisions\/7169"}],"wp:attachment":[{"href":"https:\/\/dengodehyrde.katolsk.no\/index.php\/wp-json\/wp\/v2\/media?parent=7164"}],"wp:term":[{"taxonomy":"category","embeddable":true,"href":"https:\/\/dengodehyrde.katolsk.no\/index.php\/wp-json\/wp\/v2\/categories?post=7164"},{"taxonomy":"post_tag","embeddable":true,"href":"https:\/\/dengodehyrde.katolsk.no\/index.php\/wp-json\/wp\/v2\/tags?post=7164"}],"curies":[{"name":"wp","href":"https:\/\/api.w.org\/{rel}","templated":true}]}}